{"id":41,"date":"2014-12-19T09:47:14","date_gmt":"2014-12-19T08:47:14","guid":{"rendered":"http:\/\/www.matteosanfilippo.eu\/it\/?p=41"},"modified":"2014-12-19T09:51:04","modified_gmt":"2014-12-19T08:51:04","slug":"recensioni","status":"publish","type":"post","link":"https:\/\/www.matteosanfilippo.eu\/it\/?p=41","title":{"rendered":"Recensioni"},"content":{"rendered":"<p>DEE strumenti: tra libri e riviste, \u201cDossier europa emigrazione\u201d, giugno 1992, pp. 22-23<\/p>\n<p>Luca Codignola &#8211; Luigi Bruti Liberati, Storia del Canada, \u201cRivista di Studi Canadesi\u201d, 12 (1999), pp. 200-202<\/p>\n<p>Roberto Venturini, Dopo nove giorni di cielo e acqua. Storia, storie e luoghi in mezzo secolo di emigrazione sanmarinese negli Stati Uniti, \u201cGiornale di Storia Contemporanea\u201d, II, 2 (1999), pp. 213-215 ISSN 2037-7975<\/p>\n<p>Jean Ziegler, El oro nazi, \u201cCiclos\u201d, 19 (2000), pp. 291-293<\/p>\n<p>Claude G\u00e9linas, La gestion de l&#8217;\u00e9tranger, Les Atikamekw et la pr\u00e9sence eurocanadienne en Haute-Mauricie, \u201cAnnales. Histoire, Sciences Sociales\u201d, 55, 6 (2000), pp. 1374<\/p>\n<p>Peter N. Moogk, La Nouvelle France. The Making of French Canada &#8211; A Cultural History, \u201cAnnales. Histoire, Sciences Sociales\u201d, 55, 6 (2000), pp. 1376-1378<\/p>\n<p>Giuseppe Piras, Mart\u00edn de Funes S.I. (1560-1611) e gli inizi delle riduzioni dei Gesuiti nel Paraguay, \u201cCristianesimo nella storia\u201d, 1 (2001), pp. 249-251<\/p>\n<p>Amoreno Martellini, Candidati al Milione, \u201cStoria e problemi contemporanei\u201d, 27 (2001), pp. 265-269<\/p>\n<p>Giuseppe Piras, Mart\u00edn de Funes S.I. (1560-1611) e gli inizi delle riduzioni dei Gesuiti nel Paraguay, \u201cCristianesimo nella storia\u201d, *** (2000), pp. 253-255<\/p>\n<p>Padre Libero Raganella, Senza sapere da che parte stare, a cura di Lidia Piccioni, \u201cRoma moderna e contemporanea\u201d, VIII, 3 (2000), pp. 623-626<\/p>\n<p>Ollivier Hubert, Sur la terre comme au ciel. La gestion des rites par l&#8217;\u00c9glise catholique du Qu\u00e9bec (fin XVIIe mi-XIXe si\u00e8cle, \u201cAnnales. Histoire, Sciences Sociales \u201c, 57, 3 (2002), pp. 824-825<\/p>\n<p>Enzo Traverso, Il totalitarismo, e Andrea Romano, Lo stalinismo, \u201cGiornale di storia contemporanea\u201d, V, 1 (2002), pp. 264-266 ISSN 2037-7975<\/p>\n<p>La nobilt\u00e0 romana in et\u00e0 moderna. Profili istituzionali e pratiche sociali, a cura di Maria Antonietta Visceglia, \u201cIl Veltro\u201d, XLVI, 5-6 (2002), pp. 655-657<\/p>\n<p>Marco De Nicol\u00f2, Trasformismo, autoritarismo, meridionalismo, ibid., pp. 657-658<\/p>\n<p>AA.VV., Lager, totalitarismo, modernit\u00e0, ibid., p. 658-659<\/p>\n<p>Giuliano Procacci, La disfida di Barletta, ibid., pp. 659-660<\/p>\n<p>Saverio Ricci, Il sommo inquisitore, ibid., pp. 660-662<\/p>\n<p>Marco Vitale, America punto e a capo, ibid., pp. 664-666<\/p>\n<p>Giorgio Mariani, La penna e il tamburo, \u201cIperstoria\u201d, http:\/\/centri.univr.it\/iperstoria\/scaffale<\/p>\n<p>Amedeo Osti Guerrazzi et al., Dal Secchia al Para\u00edba. L&#8217;emigrazione modenese in Brasile, \u201cStudi Emigrazione\u201d, 149 (2003), pp. 204-206<\/p>\n<p>Amedeo Osti Guerrazzi et al., Dal Secchia al Para\u00edba. L&#8217;emigrazione modenese in Brasile, \u201cAltreitalie\u201d, 26 (2003), pp. 130-132<\/p>\n<p>Camilla Cattarulla, Di proprio pugno. Autobiografie di emigranti italiani in Argentina e Brasile, \u201cStudi Emigrazione\u201d, 151 (2003), pp. 675-676<\/p>\n<p>Pietro Corsi, Halifax. L&#8217;altra porta dell&#8217;America, \u201cStudi Emigrazione\u201d, 151 (2003), pp. 676-677<\/p>\n<p>Pietro Cavallo, La storia attraverso i media. Immagini, propaganda e cultura in Italia dal fascismo alla Repubblica, \u201cIl Veltro\u201d, XLVII, 5-6 (2003), pp. 507-508<\/p>\n<p>Giuseppe Losacco, Wop o mangiacake, \u201cStudi Emigrazione\u201d, 155 (2004), pp. 755-756<\/p>\n<p>Daniela Serio, Il lavoro italiano nelle colonie, \u201cStudi Emigrazione\u201d, 155 (2004), pp. 758-760<\/p>\n<p>Claudia Baldoli, Exporting Fascism, \u201cStudi Emigrazione\u201d, 155 (2004), pp. 766-767<\/p>\n<p>Anthony Paganoni, Valiant Struggles and Benign Neglect. Italians, Church an Religious Society in Diaspora, \u201cStudi Emigrazione\u201d, 158 (2005), pp. 455-458<\/p>\n<p>Andrea Villa, Ebrei in fuga. Chiesa e leggi razziali nel Basso Piemonte (1938-1945), \u201cLa Civilt\u00e0 Cattolica\u201d, 3716 (2005), pp. 202-203<\/p>\n<p>Diego Quaglioni, La giustizia nel Medioevo e nella prima et\u00e0 moderna, \u201cLa Civilt\u00e0 Cattolica\u201d, 3717 (2005), pp. 310-312<\/p>\n<p>Tanta Italia nel mondo, a cura di Angelo Coco, \u201cGiornale di storia contemporanea\u201d, IX, 1 (2006), pp. 275-276<\/p>\n<p>David I. Kertzer, Prigioniero del Vaticano. Pio IX e lo scontro tra la Chiesa e lo Stato Italiano, \u201cGiornale di storia contemporanea\u201d, IX, 1 (2006), pp. 283-285 ISSN 2037-7975<\/p>\n<p>Benedetta Garzarelli, \u201cParleremo al mondo intero\u201d. La propaganda del fascismo all\u2019estero, \u201cRicerche di Storia Politica\u201d, IX, 2 (2006), pp. 238-239<\/p>\n<p>Gustavo Corni, Christof Dipper, a cura di, Italiani in Germania tra Ottocento e Novecento, \u201cStudi Emigrazione\u201d, 164 (2006), pp. 1017-1019<\/p>\n<p>Olivier Poncet, La Nonciature de France (1819-1904) et ses archives, \u201cArchivio storico dell\u2019emigrazione italiana\u201d, 3, 1 (2007), pp. 271-272<\/p>\n<p>Frank Seberechts e Frans-Jos Verdoodt, Leven in twee werelden. Belgische, collaborateurs en de diaspora na de Tweede Wereldoorlog. Leuven, Davidsfonds, 2009, \u00ab Studi Emigrazione \u00bb, 180 (2010), pp. 1008-1012<\/p>\n<p>Matteo Pretelli, L\u2019emigrazione italiana negli Stati Uniti, e La via fascista alla democrazia americana. Cultura e propaganda nelle comunit\u00e0 italo-americane, \u201cItalian Americana\u201d, 31, 2 (Summer 2013), pp. 212-214<\/p>\n","protected":false},"excerpt":{"rendered":"<p>DEE strumenti: tra libri e riviste, \u201cDossier europa emigrazione\u201d, giugno 1992, pp. 22-23 Luca Codignola &#8211; Luigi Bruti Liberati, Storia del Canada, \u201cRivista di Studi Canadesi\u201d, 12 (1999), pp. 200-202 Roberto Venturini, Dopo nove giorni di cielo e acqua. Storia, storie e luoghi in mezzo secolo di emigrazione sanmarinese negli Stati Uniti, \u201cGiornale di Storia &hellip; <a href=\"https:\/\/www.matteosanfilippo.eu\/it\/?p=41\" class=\"more-link\">Continua a leggere <span class=\"screen-reader-text\">Recensioni<\/span><\/a><\/p>\n","protected":false},"author":1,"featured_media":0,"comment_status":"open","ping_status":"open","sticky":false,"template":"","format":"standard","meta":[],"categories":[20],"tags":[],"_links":{"self":[{"href":"https:\/\/www.matteosanfilippo.eu\/it\/index.php?rest_route=\/wp\/v2\/posts\/41"}],"collection":[{"href":"https:\/\/www.matteosanfilippo.eu\/it\/index.php?rest_route=\/wp\/v2\/posts"}],"about":[{"href":"https:\/\/www.matteosanfilippo.eu\/it\/index.php?rest_route=\/wp\/v2\/types\/post"}],"author":[{"embeddable":true,"href":"https:\/\/www.matteosanfilippo.eu\/it\/index.php?rest_route=\/wp\/v2\/users\/1"}],"replies":[{"embeddable":true,"href":"https:\/\/www.matteosanfilippo.eu\/it\/index.php?rest_route=%2Fwp%2Fv2%2Fcomments&post=41"}],"version-history":[{"count":2,"href":"https:\/\/www.matteosanfilippo.eu\/it\/index.php?rest_route=\/wp\/v2\/posts\/41\/revisions"}],"predecessor-version":[{"id":43,"href":"https:\/\/www.matteosanfilippo.eu\/it\/index.php?rest_route=\/wp\/v2\/posts\/41\/revisions\/43"}],"wp:attachment":[{"href":"https:\/\/www.matteosanfilippo.eu\/it\/index.php?rest_route=%2Fwp%2Fv2%2Fmedia&parent=41"}],"wp:term":[{"taxonomy":"category","embeddable":true,"href":"https:\/\/www.matteosanfilippo.eu\/it\/index.php?rest_route=%2Fwp%2Fv2%2Fcategories&post=41"},{"taxonomy":"post_tag","embeddable":true,"href":"https:\/\/www.matteosanfilippo.eu\/it\/index.php?rest_route=%2Fwp%2Fv2%2Ftags&post=41"}],"curies":[{"name":"wp","href":"https:\/\/api.w.org\/{rel}","templated":true}]}}